{"id":12159,"date":"2024-08-30T15:56:21","date_gmt":"2024-08-30T12:56:21","guid":{"rendered":"https:\/\/www.prontotour.com\/Blog\/?p=12159"},"modified":"2024-08-30T15:56:24","modified_gmt":"2024-08-30T12:56:24","slug":"dunyanin-en-unlu-festivalleri-ve-karnavallari","status":"publish","type":"post","link":"https:\/\/www.prontotour.com\/Blog\/dunyanin-en-unlu-festivalleri-ve-karnavallari\/","title":{"rendered":"Du\u0308nyan\u0131n En U\u0308nlu\u0308 Festivalleri ve Karnavallar\u0131"},"content":{"rendered":"<figure class=\"wp-block-post-featured-image\"><img fetchpriority=\"high\" decoding=\"async\" width=\"1050\" height=\"700\" src=\"https:\/\/www.prontotour.com\/Blog\/wp-content\/uploads\/2024\/08\/dunyadaki-festivaller.png\" class=\"attachment-post-thumbnail size-post-thumbnail wp-post-image\" alt=\"\" style=\"object-fit:cover;\" srcset=\"https:\/\/www.prontotour.com\/Blog\/wp-content\/uploads\/2024\/08\/dunyadaki-festivaller.png 1050w, https:\/\/www.prontotour.com\/Blog\/wp-content\/uploads\/2024\/08\/dunyadaki-festivaller-300x200.png 300w, https:\/\/www.prontotour.com\/Blog\/wp-content\/uploads\/2024\/08\/dunyadaki-festivaller-768x512.png 768w, https:\/\/www.prontotour.com\/Blog\/wp-content\/uploads\/2024\/08\/dunyadaki-festivaller-900x600.png 900w, https:\/\/www.prontotour.com\/Blog\/wp-content\/uploads\/2024\/08\/dunyadaki-festivaller-600x400.png 600w\" sizes=\"(max-width: 1050px) 100vw, 1050px\" \/><\/figure>\n\n\n<p>Festivaller ve karnavallar, k\u00fclt\u00fcrel zenginlikleri ve insanlar\u0131 bir araya getiren enerjisiyle her y\u0131l milyonlarca insan\u0131 kendine \u00e7eker. D\u00fcnya festivalleri, yerel halk\u0131n yan\u0131nda d\u00fcnyan\u0131n d\u00f6rt bir yan\u0131ndan gelen turistler i\u00e7in de unutulmaz bir deneyim sunar. Benzersiz hikayeleri ile \u00f6ne \u00e7\u0131kan \u00fclkelerin festivallerine <a href=\"https:\/\/www.prontotour.com\/Super-Promosyon-Gemi-Turlari\">indirimli gemi turlar\u0131<\/a>yla kat\u0131l\u0131p kesintisiz e\u011flenceyi deneyimleyebilirsiniz.\u00a0<\/p>\n\n\n\n<h2 class=\"wp-block-heading\">Rio Karnaval\u0131: Brezilya<\/h2>\n\n\n\n<p>Rio Karnaval\u0131, d\u00fcnyan\u0131n en b\u00fcy\u00fck ve en \u00fcnl\u00fc karnavallar\u0131ndan biridir. Her y\u0131l Brezilya\u2019n\u0131n Rio de Janeiro kentinde d\u00fczenlenir. Karnaval\u0131n k\u00f6kenleri 18. y\u00fczy\u0131lda Portekizli s\u00f6m\u00fcrgecilerin Brezilya\u2019ya getirdi\u011fi Lent \u00f6ncesi kutlamalara dayan\u0131r. Bu d\u00f6nemde insanlar Lent\u2019in 40 g\u00fcnl\u00fck oru\u00e7 ve perhiz d\u00f6nemi \u00f6ncesini e\u011flence ve ziyafetlerle dolu ge\u00e7irirlerdi. Gelenek Afrika, yerli ve Avrupal\u0131 k\u00fclt\u00fcrlerin bir araya gelmesiyle benzersiz bir kimlik kazanm\u0131\u015ft\u0131r. Karnaval\u0131n merkezinde <em>Samba m\u00fczi\u011fi ve dans\u0131 <\/em>yer al\u0131r. Samba Okullar\u0131, renkli kost\u00fcmlerle her y\u0131l ge\u00e7i\u015f t\u00f6renleri d\u00fczenler. Bunlar\u0131n yan\u0131 s\u0131ra cadde partileri, gece kul\u00fcpleri ve \u00f6zel etkinlikler yerli ve turistlerin kat\u0131l\u0131m\u0131yla co\u015fkulu anlara d\u00f6n\u00fc\u015f\u00fcr. Sokaklarda yap\u0131lan dans g\u00f6sterileri ve m\u00fczik performanslar\u0131 herkesin kat\u0131labilece\u011fi festival havas\u0131n\u0131 yarat\u0131r.&nbsp;<\/p>\n\n\n\n<p>D\u00fcnyaca \u00fcnl\u00fc festivaller aras\u0131nda \u00f6nemli bir yere sahip olan Rio Karnaval\u0131\u2019n\u0131n en dikkat \u00e7ekici \u00f6zelliklerinden biri de rengarenk kost\u00fcmler ve g\u00f6z al\u0131c\u0131 aksesuarlard\u0131r. Her grup belirli bir tema etraf\u0131nda karma\u015f\u0131k ve yarat\u0131c\u0131 kost\u00fcmler tasarlar. Bu kost\u00fcmler t\u00fcy, parlak ta\u015f, payet ve di\u011fer s\u00fcslemelerle ta\u00e7land\u0131r\u0131l\u0131r. Ayn\u0131 zamanda devasa y\u00fczeyli platformlar ve sokak dekorasyonlar\u0131 da karnaval\u0131n g\u00f6rsel etkinli\u011fini art\u0131r\u0131r. <a href=\"https:\/\/www.prontotour.com\/Super-Promosyon-Yurtdisi-Turlari\">\u0130ndirimli yurt d\u0131\u015f\u0131 turlar\u0131<\/a> ile d\u00fcnyan\u0131n en b\u00fcy\u00fck festivali olan Rio Karnaval\u0131\u2019na kat\u0131l\u0131p g\u00f6z al\u0131c\u0131 e\u011flencenin tad\u0131n\u0131 \u00e7\u0131karabilirsiniz.<\/p>\n\n\n\n<figure class=\"wp-block-image size-full\"><img decoding=\"async\" width=\"1050\" height=\"700\" src=\"https:\/\/www.prontotour.com\/Blog\/wp-content\/uploads\/2024\/08\/venedik-karnavali.png\" alt=\"venedik karnaval\u0131\" class=\"wp-image-12173\" srcset=\"https:\/\/www.prontotour.com\/Blog\/wp-content\/uploads\/2024\/08\/venedik-karnavali.png 1050w, https:\/\/www.prontotour.com\/Blog\/wp-content\/uploads\/2024\/08\/venedik-karnavali-300x200.png 300w, https:\/\/www.prontotour.com\/Blog\/wp-content\/uploads\/2024\/08\/venedik-karnavali-768x512.png 768w, https:\/\/www.prontotour.com\/Blog\/wp-content\/uploads\/2024\/08\/venedik-karnavali-900x600.png 900w, https:\/\/www.prontotour.com\/Blog\/wp-content\/uploads\/2024\/08\/venedik-karnavali-600x400.png 600w\" sizes=\"(max-width: 1050px) 100vw, 1050px\" \/><\/figure>\n\n\n\n<h2 class=\"wp-block-heading\">Venedik Karnaval\u0131: \u0130talya<\/h2>\n\n\n\n<p>Venedik Karnaval\u0131, maskelerin ve kost\u00fcmlerin b\u00fcy\u00fcl\u00fc d\u00fcnyas\u0131na ad\u0131m atmak isteyenler i\u00e7in unutulmaz bir deneyim sunar. Her y\u0131l binlerce ziyaret\u00e7iyi kendine \u00e7eken karnaval, Venedik\u2019in tarihi ve k\u00fclt\u00fcrel zenginliklerini ortaya koyar. Karnaval her y\u0131l \u015eubat veya Mart ay\u0131nda ba\u015flay\u0131p 12 g\u00fcn s\u00fcrer. Ba\u015flang\u0131\u00e7 ve biti\u015f tarihleri Hristiyan takvimine g\u00f6re belirlenir. Venedik Karnaval\u0131 boyunca \u015fehirde b\u00fcy\u00fcleyici etkinlikler ve g\u00f6steriler d\u00fczenlenir. Karnaval\u0131n a\u00e7\u0131l\u0131\u015f t\u00f6reni <em>Festa Veneziana\u2019d\u0131r<\/em>. Bu etkinlik Venedik\u2019in \u00fcnl\u00fc kanallar\u0131nda renkli gondol ge\u00e7itleriyle ba\u015flar. Etkinlikler aras\u0131nda olan La Festa delle Marie ise 12 g\u00fczel Venedikli kad\u0131n\u0131n eski zamanlarda kurtar\u0131lmas\u0131n\u0131 anmak i\u00e7in d\u00fczenlenir. Kad\u0131nlar, g\u00f6steri\u015fli kost\u00fcmlerle halk\u0131n \u00f6n\u00fcnde ge\u00e7it t\u00f6reni yaparlar. Bunlar\u0131n yan\u0131 s\u0131ra U\u00e7ak Melek, Maskeli Balo ve \u00e7e\u015fitli partiler de d\u00fczenlenir.<\/p>\n\n\n\n<p>Karnavalda kat\u0131l\u0131mc\u0131lar Barok d\u00f6nemi esintili k\u0131yafetler giyer ve y\u00fczlerini maskelerle gizlerler. Bu nedenle d\u00fcnyadaki ilgin\u00e7 festivaller aras\u0131nda \u00f6nemli bir yere sahiptir. Karnaval\u0131n simgesi h\u00e2line gelen maskeler \u00e7e\u015fitli anlamlar ta\u015f\u0131r. Tarih ve sanat\u0131n i\u00e7 i\u00e7e ge\u00e7ti\u011fi etkinlik e\u015fsiz bir k\u00fclt\u00fcrel deneyim sunar. Renkli maskeler ve g\u00f6steri\u015fli kost\u00fcmler, b\u00fcy\u00fcl\u00fc bir masal d\u00fcnyas\u0131n\u0131 and\u0131r\u0131r. <a href=\"https:\/\/www.prontotour.com\/Gemi-Turlari\">Gemi turlar\u0131<\/a> ile Venedik Karnaval\u0131\u2019nda b\u00fcy\u00fcl\u00fc bir atmosfere ad\u0131m atabilirsiniz.<\/p>\n\n\n\n<figure class=\"wp-block-gallery has-nested-images columns-default is-cropped wp-block-gallery-1 is-layout-flex wp-block-gallery-is-layout-flex\">\n<figure class=\"wp-block-image size-large\"><img decoding=\"async\" width=\"1050\" height=\"700\" data-id=\"12175\" src=\"https:\/\/www.prontotour.com\/Blog\/wp-content\/uploads\/2024\/08\/dunyaca-unlu-festivaller.png\" alt=\"\" class=\"wp-image-12175\" srcset=\"https:\/\/www.prontotour.com\/Blog\/wp-content\/uploads\/2024\/08\/dunyaca-unlu-festivaller.png 1050w, https:\/\/www.prontotour.com\/Blog\/wp-content\/uploads\/2024\/08\/dunyaca-unlu-festivaller-300x200.png 300w, https:\/\/www.prontotour.com\/Blog\/wp-content\/uploads\/2024\/08\/dunyaca-unlu-festivaller-768x512.png 768w, https:\/\/www.prontotour.com\/Blog\/wp-content\/uploads\/2024\/08\/dunyaca-unlu-festivaller-900x600.png 900w, https:\/\/www.prontotour.com\/Blog\/wp-content\/uploads\/2024\/08\/dunyaca-unlu-festivaller-600x400.png 600w\" sizes=\"(max-width: 1050px) 100vw, 1050px\" \/><\/figure>\n<\/figure>\n\n\n\n<h2 class=\"wp-block-heading\">Holi Fest: Hindistan<\/h2>\n\n\n\n<p>Holi Festivali, Hindistan\u2019\u0131n en renkli ve co\u015fkulu festivallerinden biridir. Holi, Renklerin Festivali olarak da bilinir. Bahar\u0131n geli\u015fini kutlamak, k\u00f6t\u00fcl\u00fc\u011f\u00fcn yol edilmesini ve iyili\u011fi zaferle simgelemek i\u00e7in d\u00fczenlenir. Festivalin k\u00f6keni Hindu mitolojisine dayan\u0131r. Holika ve Prahlad\u2019\u0131n hikayesi ile Lord Krishna ve Radha aras\u0131ndaki a\u015fk\u0131n temsili olarak iki hikayeyle ili\u015fkilendirilir. D\u00fcnyadaki festivaller aras\u0131nda \u00f6nemli bir yere sahip Holi, Mart ay\u0131nda Hindu takvimine g\u00f6re Phalguna ay\u0131n\u0131n dolunay g\u00fcn\u00fcnde kutlan\u0131r. Hindistan\u2019\u0131n her k\u00f6\u015fesinde kutlanan festival, Mathura ve Vrindavan gibi yerlerde daha g\u00f6steri\u015fli ge\u00e7er. Bu \u015fehirler Lord Krishna\u2019n\u0131n ya\u015fam\u0131yla ili\u015fkilendirildi\u011fi i\u00e7in Holi Festivalinde \u00f6nemli bir yere sahiptir.<\/p>\n\n\n\n<p>D\u00fcnya festivalleri aras\u0131nda olan Holi, iki ana b\u00f6l\u00fcmden olu\u015fur. Holika Dahan b\u00f6l\u00fcm\u00fc festivalin arifesinde b\u00fcy\u00fck ate\u015flerin yak\u0131lmas\u0131n\u0131 i\u00e7erir. Ate\u015f, k\u00f6t\u00fcl\u00fc\u011f\u00fcn yak\u0131lmas\u0131n\u0131 temsil eder ve insanlar etraf\u0131nda toplan\u0131r. Dualar edilir ve \u015fark\u0131lar s\u00f6ylenir. Ertesi g\u00fcn ise Rangwali Holi olarak bilinen renkli kutlamalarla ba\u015flar. Renkli tozlar atmak, su tabancalar\u0131 ile su s\u0131kmak ve su dolu balonlar f\u0131rlatmak ba\u015fl\u0131ca etkinliklerdir.<\/p>\n\n\n\n<figure class=\"wp-block-image size-full\"><img loading=\"lazy\" decoding=\"async\" width=\"1050\" height=\"700\" src=\"https:\/\/www.prontotour.com\/Blog\/wp-content\/uploads\/2024\/08\/dia-de-los-muertos.png\" alt=\"Dia De Los Muertos \" class=\"wp-image-12176\" srcset=\"https:\/\/www.prontotour.com\/Blog\/wp-content\/uploads\/2024\/08\/dia-de-los-muertos.png 1050w, https:\/\/www.prontotour.com\/Blog\/wp-content\/uploads\/2024\/08\/dia-de-los-muertos-300x200.png 300w, https:\/\/www.prontotour.com\/Blog\/wp-content\/uploads\/2024\/08\/dia-de-los-muertos-768x512.png 768w, https:\/\/www.prontotour.com\/Blog\/wp-content\/uploads\/2024\/08\/dia-de-los-muertos-900x600.png 900w, https:\/\/www.prontotour.com\/Blog\/wp-content\/uploads\/2024\/08\/dia-de-los-muertos-600x400.png 600w\" sizes=\"(max-width: 1050px) 100vw, 1050px\" \/><\/figure>\n\n\n\n<h2 class=\"wp-block-heading\">Dia De Los Muertos (\u00d6l\u00fcler G\u00fcn\u00fc) Festivali: Meksika<\/h2>\n\n\n\n<p>\u00d6l\u00fcler G\u00fcn\u00fc olarak da bilinen Dia De Los Muertos Festivali, Meksika\u2019n\u0131n en \u00f6nemli festivallerinden biridir. Her y\u0131l 31 Ekim\u2019den 2 Kas\u0131m\u2019a kadar s\u00fcren festivalde <strong>ya\u015fam ve \u00f6l\u00fcm <\/strong>kutlan\u0131r. Dia De Los Muertos Aztek, Maya ve di\u011fer yerli k\u00fclt\u00fcrlerin inan\u00e7lar\u0131na dayan\u0131r. \u0130spanyol kolonizasyonu ile Katolik etkilerle harmanlan\u0131r. Kutlamalar \u00fc\u00e7 farkl\u0131 g\u00fcne yay\u0131l\u0131r. 31 Ekim, K\u00fc\u00e7\u00fck Melekler G\u00fcn\u00fc olarak bilinir ve \u00e7ocuk ya\u015fta \u00f6lenlerin ruhlar\u0131 an\u0131l\u0131r. Masumlar G\u00fcn\u00fc veya Azizler G\u00fcn\u00fc olarak bilinen 1 Kas\u0131m ise \u00f6len \u00e7ocuklar\u0131n ruhlar\u0131n\u0131n ziyaret etti\u011fi g\u00fcnd\u00fcr. Son g\u00fcn 2 Kas\u0131m ise \u00d6l\u00fcler G\u00fcn\u00fc olarak bilinir ve yeti\u015fkinlerin ruhlar\u0131n\u0131n ziyaret etti\u011fi ana kutlama g\u00fcn\u00fcd\u00fcr. Meksika genelinde yap\u0131lan kutlamalar \u00f6zellikle <strong>Mexico City, Michoacan ve Guanajuato <\/strong>gibi \u015fehirlerde olduk\u00e7a g\u00f6rkemlidir. \u0130lgin\u00e7 festivaller aras\u0131nda yer alan bu festival bir\u00e7ok farkl\u0131 etkinli\u011fi ve rit\u00fceli i\u00e7eren zengin bir program sunar. Ofrendas, Calaveras, Catrinas, Pan de Muerto ve mezarl\u0131k ziyaretleri gibi \u00e7e\u015fitli etkinliklere kat\u0131labilirsiniz.<\/p>\n\n\n\n<figure class=\"wp-block-gallery has-nested-images columns-default is-cropped wp-block-gallery-2 is-layout-flex wp-block-gallery-is-layout-flex\">\n<figure class=\"wp-block-image size-large\"><img loading=\"lazy\" decoding=\"async\" width=\"1050\" height=\"700\" data-id=\"12177\" src=\"https:\/\/www.prontotour.com\/Blog\/wp-content\/uploads\/2024\/08\/beyaz-geceler-festivali.png\" alt=\"\" class=\"wp-image-12177\" srcset=\"https:\/\/www.prontotour.com\/Blog\/wp-content\/uploads\/2024\/08\/beyaz-geceler-festivali.png 1050w, https:\/\/www.prontotour.com\/Blog\/wp-content\/uploads\/2024\/08\/beyaz-geceler-festivali-300x200.png 300w, https:\/\/www.prontotour.com\/Blog\/wp-content\/uploads\/2024\/08\/beyaz-geceler-festivali-768x512.png 768w, https:\/\/www.prontotour.com\/Blog\/wp-content\/uploads\/2024\/08\/beyaz-geceler-festivali-900x600.png 900w, https:\/\/www.prontotour.com\/Blog\/wp-content\/uploads\/2024\/08\/beyaz-geceler-festivali-600x400.png 600w\" sizes=\"(max-width: 1050px) 100vw, 1050px\" \/><\/figure>\n<\/figure>\n\n\n\n<h2 class=\"wp-block-heading\">Beyaz Geceler Festivali: Rusya<\/h2>\n\n\n\n<p>D\u00fcnya festivalleri aras\u0131nda \u00f6ne \u00e7\u0131kan Beyaz Geceler, Rusya\u2019n\u0131n St. Petersburg \u015fehrinde d\u00fczenlenir. Her y\u0131l Haziran ay\u0131nda d\u00fczenlenen festival, \u015fehrin kuzey enleminde yer almas\u0131ndan dolay\u0131 g\u00fcne\u015fin \u00e7ok k\u0131sa s\u00fcreli\u011fine batmas\u0131yla ortaya \u00e7\u0131kan \u201cbeyaz geceler\u201d d\u00f6nemine denk gelir. Beyaz Geceler Festivali 25 May\u0131s&#8217;tan Temmuz ay\u0131n\u0131n ba\u015f\u0131na kadar s\u00fcren bir d\u00f6nemde d\u00fczenlenir. Festivalin zirvesi genellikle Haziran ay\u0131nda yap\u0131l\u0131r. Etkinlikler Hermitage M\u00fczesi, Mariinsky Tiyatrosu ve Neva Nehri k\u0131y\u0131lar\u0131 gibi yerlerde ger\u00e7ekle\u015fir.\u00a0<\/p>\n\n\n\n<p>Beyaz geceler Festivali&#8217;nin en \u00fcnl\u00fc etkinliklerinden biri Scarlet Sails yani \u201cK\u0131z\u0131l Yelkenlerdir\u201d. Bu etkinlik mezuniyet kutlamalar\u0131n\u0131n bir par\u00e7as\u0131 olarak yap\u0131l\u0131r. G\u00f6rkemli havai fi\u015fek g\u00f6sterileri ve neva nehri \u00fczerindeki b\u00fcy\u00fck yelkenli geminin ge\u00e7i\u015fiyle tan\u0131n\u0131r. Binlerce insan\u0131n kat\u0131ld\u0131\u011f\u0131 etkinlik g\u00f6rsel \u015f\u00f6len sunar. Bunlar\u0131n yan\u0131 s\u0131ra \u00e7e\u015fitli k\u00fclt\u00fcrel etkinlikler, yelkenli yar\u0131\u015flar\u0131, sokak festivalleri, y\u00fcr\u00fcy\u00fc\u015fler ve tekne turlar\u0131 da d\u00fczenlenir. Beyaz Geceler Festivali sayesinde St. Petersburg\u2019un b\u00fcy\u00fcleyici atmosferini ve zengin k\u00fclt\u00fcrel miras\u0131n\u0131 ke\u015ffedebilirsiniz.<\/p>\n\n\n\n<h2 class=\"wp-block-heading\">Boryeong \u00c7amur Festivali: G\u00fcney Kore<\/h2>\n\n\n\n<p>Boryeong \u00c7amur Festivali, G\u00fcney Kore&#8217;nin en pop\u00fcler etkinliklerinden biridir. Her y\u0131l Temmuz ay\u0131nda <strong>Boryeong \u015fehrinde<\/strong> d\u00fczenlenen festival, \u00e7amurun sa\u011fl\u0131k ve g\u00fczellik \u00fczerindeki faydalar\u0131n\u0131 deneyimleme f\u0131rsat\u0131 sunar. Bu festival ilk kez 1998 y\u0131l\u0131nda d\u00fczenlenmi\u015ftir. Amac\u0131 Boryeong\u2019daki \u00e7amurun cilt sa\u011fl\u0131\u011f\u0131na faydalar\u0131n\u0131 tan\u0131tmak ve turizmi canland\u0131rmakt\u0131r. Buradaki \u00e7amur mineraller a\u00e7\u0131s\u0131ndan zengindir ve cilt \u00fczerinde faydal\u0131 etkilere sahiptir. Festival her y\u0131l Temmuz ay\u0131n\u0131n ikinci ve \u00fc\u00e7\u00fcnc\u00fc haftas\u0131nda d\u00fczenlenir. Ana etkinlikler \u015fehrin Daecheon Plaj\u0131\u2019nda ger\u00e7ekle\u015fir. Geni\u015f ve g\u00fczel kumsal\u0131yla bilinen plaj, festival i\u00e7in avantajl\u0131d\u0131r.<\/p>\n\n\n\n<p>Festivalin en e\u011flenceli k\u0131sm\u0131 \u00e7amur oyunlar\u0131d\u0131r. \u00c7amur kayd\u0131raklar\u0131, havuzlar\u0131, g\u00fcre\u015fi ve futbolu olduk\u00e7a keyiflidir. Bu oyunlar hem yeti\u015fkinler hem \u00e7ocuklar i\u00e7in uygundur. \u00c7amurun cilt sa\u011fl\u0131\u011f\u0131na faydalar\u0131ndan yararlanmak isteyenler i\u00e7in \u00e7amur masaj\u0131 ve SPA hizmetleri de sunulur. Profesyonel terapistler taraf\u0131ndan yap\u0131lan masajlar, rahatlamay\u0131 ve cildin yenilenmesini sa\u011flar.<\/p>\n\n\n\n<figure class=\"wp-block-gallery has-nested-images columns-default is-cropped wp-block-gallery-3 is-layout-flex wp-block-gallery-is-layout-flex\">\n<figure class=\"wp-block-image size-large\"><img loading=\"lazy\" decoding=\"async\" width=\"1050\" height=\"700\" data-id=\"12180\" src=\"https:\/\/www.prontotour.com\/Blog\/wp-content\/uploads\/2024\/08\/oktoberfest.png\" alt=\"oktoberfest\" class=\"wp-image-12180\" srcset=\"https:\/\/www.prontotour.com\/Blog\/wp-content\/uploads\/2024\/08\/oktoberfest.png 1050w, https:\/\/www.prontotour.com\/Blog\/wp-content\/uploads\/2024\/08\/oktoberfest-300x200.png 300w, https:\/\/www.prontotour.com\/Blog\/wp-content\/uploads\/2024\/08\/oktoberfest-768x512.png 768w, https:\/\/www.prontotour.com\/Blog\/wp-content\/uploads\/2024\/08\/oktoberfest-900x600.png 900w, https:\/\/www.prontotour.com\/Blog\/wp-content\/uploads\/2024\/08\/oktoberfest-600x400.png 600w\" sizes=\"(max-width: 1050px) 100vw, 1050px\" \/><\/figure>\n<\/figure>\n\n\n\n<h2 class=\"wp-block-heading\">Oktoberfest: Almanya<\/h2>\n\n\n\n<p>Oktoberfest, Almanya\u2019n\u0131n M\u00fcnih \u015fehrinde d\u00fczenlenen \u00fcnl\u00fc d\u00fcnya festivalleri aras\u0131ndad\u0131r. Oktoberfest, d\u00fcnyan\u0131n <em>en b\u00fcy\u00fck bira festivali <\/em>ve halk \u015fenli\u011fi olarak bilinir. Her y\u0131l Eyl\u00fcl ay\u0131n\u0131n sonlar\u0131nda ba\u015flay\u0131p Ekim ay\u0131n\u0131n ilk hafta sonuna kadar devam eder. Etkinlik genellikle 16 ila 18 g\u00fcn s\u00fcrer. Festivalin merkezi, M\u00fcnih \u015fehir merkezinde ortalama 10 dakika uzakl\u0131kta bulunan Theresienwiese isimli geni\u015f aland\u0131r. Bu alan festival s\u00fcresi boyunca devasa bira \u00e7ad\u0131rlar\u0131, e\u011flence parklar\u0131, yiyecek stantlar\u0131 ve \u00e7e\u015fitli i\u00e7ecek alanlar\u0131 ile donat\u0131l\u0131r. Festivalin en \u00e7ekici y\u00f6nlerinden biri \u00e7e\u015fitli bir \u00fcreticileri taraf\u0131ndan kurulan devasa \u00e7ad\u0131rlard\u0131r. Her \u00e7ad\u0131r farkl\u0131 bir markas\u0131n\u0131 temsil eder ve kendine \u00f6zg\u00fc dekorasyonla s\u00fcslenir.&nbsp;<\/p>\n\n\n\n<p>Oktoberfest&#8217;te kat\u0131lan bir\u00e7ok ki\u015fi geleneksel Bavyera k\u0131yafetleri giyer. Erkekler deri \u015fort ve kad\u0131nlar geleneksel elbise giyerek festivali renklendirir. Festivale kat\u0131lmak isterseniz bu k\u0131yafetleri alandan kiralayabilir veya sat\u0131n alabilirsiniz. Ayr\u0131ca Oktoberfest&#8217;te Bavyera mutfa\u011f\u0131n\u0131n en lezzetli \u00f6rneklerini de tadabilirsiniz.\u00a0<\/p>\n\n\n\n<figure class=\"wp-block-gallery has-nested-images columns-default is-cropped wp-block-gallery-4 is-layout-flex wp-block-gallery-is-layout-flex\">\n<figure class=\"wp-block-image size-large\"><img loading=\"lazy\" decoding=\"async\" width=\"1050\" height=\"700\" data-id=\"12181\" src=\"https:\/\/www.prontotour.com\/Blog\/wp-content\/uploads\/2024\/08\/midsummer-festivali.png\" alt=\"\" class=\"wp-image-12181\" srcset=\"https:\/\/www.prontotour.com\/Blog\/wp-content\/uploads\/2024\/08\/midsummer-festivali.png 1050w, https:\/\/www.prontotour.com\/Blog\/wp-content\/uploads\/2024\/08\/midsummer-festivali-300x200.png 300w, https:\/\/www.prontotour.com\/Blog\/wp-content\/uploads\/2024\/08\/midsummer-festivali-768x512.png 768w, https:\/\/www.prontotour.com\/Blog\/wp-content\/uploads\/2024\/08\/midsummer-festivali-900x600.png 900w, https:\/\/www.prontotour.com\/Blog\/wp-content\/uploads\/2024\/08\/midsummer-festivali-600x400.png 600w\" sizes=\"(max-width: 1050px) 100vw, 1050px\" \/><\/figure>\n<\/figure>\n\n\n\n<h2 class=\"wp-block-heading\">Midsummer (Yaz Bayram\u0131): \u0130sve\u00e7<\/h2>\n\n\n\n<p>\u0130sve\u00e7\u2019te d\u00fczenlenen Midsummer yani Yaz Bayram\u0131, en sevilen d\u00fcnya festivallerinden biridir. Midsummer Antik d\u00f6nemlerden gelen bir gelenektir ve yaz d\u00f6n\u00fcm\u00fcne denk gelir. Tarihsel olarak Pagan d\u00f6nemlerinden kalma bir bayramd\u0131r. Temel olarak do\u011fa ile ba\u011flant\u0131y\u0131 simgeler. Bayram 20. y\u00fczy\u0131lda modernle\u015fmi\u015f ve \u0130sve\u00e7&#8217;in k\u00fclt\u00fcrel takviminde \u00f6nemli bir yer edinmi\u015ftir. Midsummer, \u0130sve\u00e7&#8217;te her y\u0131l Haziran ay\u0131n\u0131n son cuma g\u00fcn\u00fc kutlan\u0131r. Festivaller \u015fehirlerden k\u0131rsal alanlara, k\u00f6ylerden deniz k\u0131y\u0131s\u0131na kadar geni\u015f bir alanda d\u00fczenlenir. Kutlamalar \u00fclkenin her yerinde yap\u0131lsa da en canl\u0131 olanlar <strong>Stockholm, G\u00f6teborg ve Malm\u00f6 <\/strong>\u00e7evresinde g\u00f6r\u00fcl\u00fcr.<\/p>\n\n\n\n<p>Midsummer\u2019\u0131n en tan\u0131nm\u0131\u015f ve karakteristik \u00f6zelli\u011fi b\u00fcy\u00fck bir maypole etraf\u0131nda yap\u0131lan danslard\u0131r. Geleneksel direk \u00e7i\u00e7eklerle s\u00fcslenir ve etraf\u0131nda yerel m\u00fczikler e\u015fli\u011finde dans edilir. Festivalde \u0130sve\u00e7 mutfa\u011f\u0131n\u0131n en lezzetli \u00f6rnekleri de bulunur. Yiyecekler aras\u0131nda ba\u015fl\u0131ca taze \u00e7ilekler, meyve salatalar\u0131, ha\u015flanm\u0131\u015f patates, y\u00fcz\u00fck bal\u0131\u011f\u0131 ve k\u00f6fteler vard\u0131r. Ayr\u0131ca \u015farap ve ak\u015fam yemekleri de yaz bayram\u0131n\u0131n \u00f6nemli bir par\u00e7as\u0131d\u0131r. <a href=\"https:\/\/www.prontotour.com\/Yurtdisi-Turlar\">Yurt d\u0131\u015f\u0131 turlar\u0131<\/a> ile \u0130sve\u00e7\u2019in Yaz Bayram\u0131\u2019na kat\u0131l\u0131p e\u011flenceli atmosferin bir par\u00e7as\u0131 olabilirsiniz.<\/p>\n\n\n\n<h2 class=\"wp-block-heading\">\u00c7in Yeni Y\u0131l\u0131: \u00c7in<\/h2>\n\n\n\n<p>\u00c7in&#8217;in en \u00f6nemli ve en geni\u015f \u00e7apl\u0131 festivali olarak bilinen \u00c7in yeni y\u0131l\u0131 t\u00fcm d\u00fcnyada b\u00fcy\u00fck bir co\u015fkuyla kutlan\u0131r. Festival Ocak ve \u015eubat aylar\u0131 aras\u0131nda \u00c7in takvimine g\u00f6re ilk ay\u0131n ilk g\u00fcn\u00fc kutlan\u0131r. \u00c7in Yeni Y\u0131l\u0131, aile birli\u011fini bolluk ve refah\u0131 simgeler. Festival s\u00fcresince bir\u00e7ok etkinlik ger\u00e7ekle\u015fir ve genellikle 15 g\u00fcn s\u00fcrer. Fener Festivali olarak bilinen 15. g\u00fcn, y\u0131l boyunca yap\u0131lan kutlamalar\u0131n sonuna i\u015faret eder. Bu etkinlik \u00c7in&#8217;in yan\u0131 s\u0131ra Tayvan, Hong Kong ve Makao gibi \u00c7in k\u00fclt\u00fcrleriyle ili\u015fkili b\u00f6lgelerde kutlan\u0131r. D\u00fcnya festivalleri aras\u0131nda co\u015fkuyla kutlanan \u00c7in Yeni Y\u0131l\u0131, pek \u00e7ok renkli ve enerjik etkinli\u011fi i\u00e7erir. Aslan ve ejderha danslar\u0131, yeni y\u0131l yeme\u011fi, k\u0131rm\u0131z\u0131 zarflar ve fener festivali bunlar aras\u0131ndad\u0131r. Bu etkinlik \u00c7in k\u00fclt\u00fcr\u00fcn\u00fcn en canl\u0131 ve renkli y\u00f6nlerini ke\u015ffetmek i\u00e7in m\u00fckemmel bir f\u0131rsatt\u0131r.<\/p>\n\n\n\n<h2 class=\"wp-block-heading\">Full Moon (Dolunay) Partisi: Tayland<\/h2>\n\n\n\n<p>Tayland&#8217;daki Full Moon Partisi, d\u00fcnya \u00e7ap\u0131nda \u00fcnl\u00fc bir gece hayat\u0131 etkinli\u011fidir. Her ay dolunay gecesi d\u00fczenlenen a\u00e7\u0131k hava partisi Koh Phangan adas\u0131nda, Tayland\u2019\u0131n g\u00fcneyinde bulunan Haad Rin Plaj\u0131\u2019nda ger\u00e7ekle\u015fir. Enerjik atmosferi, canl\u0131 m\u00fczi\u011fi ve rengarenk \u0131\u015f\u0131klar\u0131yla dikkat \u00e7eken etkinlik unutulmaz bir gece deneyimi sunar. Parti genellikle 22:00 civar\u0131nda ba\u015flay\u0131p sabah\u0131n erken saatlerine kadar devam eder. Haad Rin Plaj\u0131, festival boyunca dans pisti barlar ve e\u011flence alanlar\u0131yla dolar. Canl\u0131 m\u00fczik, DJ performanslar\u0131, renkli neon \u0131\u015f\u0131klar, plaj oyunlar\u0131, ate\u015f g\u00f6sterileri, yiyecek ve i\u00e7ecek standlar\u0131 ba\u015fl\u0131ca etkinlikler aras\u0131ndad\u0131r. Neon boyalar\u0131n\u0131z\u0131 haz\u0131rlayarak Tayland&#8217;\u0131n b\u00fcy\u00fcleyici plaj\u0131ndaki dolunay \u0131\u015f\u0131\u011f\u0131nda e\u011flenceli bir gece ge\u00e7irebilirsiniz<\/p>\n\n\n\n<figure class=\"wp-block-gallery has-nested-images columns-default is-cropped wp-block-gallery-5 is-layout-flex wp-block-gallery-is-layout-flex\">\n<figure class=\"wp-block-image size-large\"><img loading=\"lazy\" decoding=\"async\" width=\"1050\" height=\"700\" data-id=\"12184\" src=\"https:\/\/www.prontotour.com\/Blog\/wp-content\/uploads\/2024\/08\/mardi-gras.png\" alt=\"\" class=\"wp-image-12184\" srcset=\"https:\/\/www.prontotour.com\/Blog\/wp-content\/uploads\/2024\/08\/mardi-gras.png 1050w, https:\/\/www.prontotour.com\/Blog\/wp-content\/uploads\/2024\/08\/mardi-gras-300x200.png 300w, https:\/\/www.prontotour.com\/Blog\/wp-content\/uploads\/2024\/08\/mardi-gras-768x512.png 768w, https:\/\/www.prontotour.com\/Blog\/wp-content\/uploads\/2024\/08\/mardi-gras-900x600.png 900w, https:\/\/www.prontotour.com\/Blog\/wp-content\/uploads\/2024\/08\/mardi-gras-600x400.png 600w\" sizes=\"(max-width: 1050px) 100vw, 1050px\" \/><\/figure>\n<\/figure>\n\n\n\n<h2 class=\"wp-block-heading\">Mardi Gras: ABD<\/h2>\n\n\n\n<p>ABD\u2019de d\u00fczenlenen Mardi Gras, d\u00fcnya festivalleri aras\u0131nda unutulmaz bir etkinliktir. Mardi Gras, Frans\u0131zca\u2019da <strong>\u201cYa\u011fl\u0131 Sal\u0131\u201d<\/strong> anlam\u0131na gelir. Geleneksel olarak Lent d\u00f6neminin \u00f6ncesinde yap\u0131lan son b\u00fcy\u00fck kutlamay\u0131 temsil eder. 18. y\u00fczy\u0131lda Frans\u0131zlar taraf\u0131ndan New Orleans\u2019a getirilen gelenek, zamanla \u015fehir ile \u00f6zde\u015fle\u015fip Amerika&#8217;n\u0131n en b\u00fcy\u00fck etkinliklerinden biri olmu\u015ftur. Festival geleneksel olarak Land d\u00f6neminin ba\u015flamas\u0131ndan \u00f6nceki sal\u0131 g\u00fcn\u00fc kutlan\u0131r. Etkinlikler genellikle birka\u00e7 hafta s\u00fcrer. En b\u00fcy\u00fck kutlamalar New Orleans\u2019ta yap\u0131l\u0131r. Etkinlikte kost\u00fcmler ve maskeler olduk\u00e7a yayg\u0131nd\u0131r. Fantastik ve yarat\u0131c\u0131 k\u0131yafetler giyen kat\u0131l\u0131mc\u0131lar y\u00fczlerine \u00e7e\u015fitli maskelerle kapat\u0131r. Ayn\u0131 zamanda Mardi Gras haftas\u0131 boyunca \u00e7e\u015fitli balo ve parti etkinlikleri de d\u00fczenlenir.<\/p>\n\n\n\n<h2 class=\"wp-block-heading\">Up Helly Aa: \u0130sko\u00e7ya<\/h2>\n\n\n\n<p>\u0130sko\u00e7ya&#8217;daki Up Helly Aa, Viking k\u00fclt\u00fcr\u00fcne dayanan renkli ve etkileyici bir festivaldir. Her y\u0131l Ocak ay\u0131n\u0131n son sal\u0131 g\u00fcn\u00fc Shetland Adalar\u0131\u2019ndaki Lerwick kasabas\u0131nda d\u00fczenlenir. K\u0131\u015f mevsiminin sona ermesini sembolize eden etkinlik<em> Viking tarihini ve k\u00fclt\u00fcr\u00fcn\u00fc<\/em> kutlamak i\u00e7in \u00f6nemlidir. D\u00fcnya festivalleri aras\u0131nda \u00fcnl\u00fc Up Helly Aa, \u00f6zellikle b\u00fcy\u00fck me\u015fale ge\u00e7it t\u00f6reni ve Viking temal\u0131 etkinlikleri ile dikkat \u00e7eker. Kat\u0131l\u0131mc\u0131lar Viking kasklar\u0131, mi\u011fferler ve elbiseleri giyip b\u00fcy\u00fck bir alay \u015feklinde \u015fehre dola\u015f\u0131rlar. \u00c7e\u015fitli etkinlikler sayesinde Viking k\u00fclt\u00fcr\u00fcn\u00fc daha yak\u0131ndan tan\u0131y\u0131p festivalin e\u011flenceli bir par\u00e7as\u0131 olabilirsiniz.<\/p>\n\n\n\n<h2 class=\"wp-block-heading\">Notting Hill Karnaval\u0131: \u0130ngiltere<\/h2>\n\n\n\n<p>\u0130ngiltere&#8217;de d\u00fczenlenen Notting Hill Karnaval\u0131, Londra&#8217;n\u0131n en b\u00fcy\u00fck ve renkli sokak festivallerinden biridir. Her y\u0131l A\u011fustos ay\u0131n\u0131n son hafta sonu pazar ve pazartesi g\u00fcnleri boyunca d\u00fczenlenir. Karnaval\u0131n g\u00fczergah\u0131 Portobello Road ve \u00c7evresindeki sokaklar\u0131 kapsar. Geleneksel festivallerden olan bu etkinlik, iki g\u00fcn boyunca sabah erken saatlerden ge\u00e7 zamanlara kadar devam eder. Canl\u0131 ve enerjik atmosfer sunan karnavalda \u00e7e\u015fitli etkinlikler aktiviteler d\u00fczenlenir. Karnaval\u0131n en belirgin \u00f6zelli\u011fi b\u00fcy\u00fck ve g\u00f6steri\u015fli ge\u00e7it t\u00f6renleridir. Kat\u0131l\u0131mc\u0131lar Karayip k\u00fclt\u00fcr\u00fcne \u00f6zg\u00fc renkli kost\u00fcmler giyip m\u00fczik e\u015fli\u011finde y\u00fcr\u00fcrler. T\u00f6renler ayn\u0131 zamanda b\u00fcy\u00fck ve dekoratif ara\u00e7lar dans\u00e7\u0131lar ve m\u00fczisyenlerle doludur. Karnaval reggae, soca, calypso ve dub gibi Karayip m\u00fczik t\u00fcrlerini i\u00e7erir. Festival boyunca sokaklarda, sahnelerde ve barlarda canl\u0131 m\u00fczik performanslar\u0131 dinlenebilir. D\u00fcnya festivalleri listesindeki Notting Hill karnaval\u0131na kat\u0131larak unutulmaz bir deneyim ya\u015fayabilirsiniz.<\/p>\n","protected":false},"excerpt":{"rendered":"<p>Festivaller ve karnavallar, k\u00fclt\u00fcrel zenginlikleri ve insanlar\u0131 bir araya getiren enerjisiyle her y\u0131l milyonlarca insan\u0131 kendine \u00e7eker. D\u00fcnya festivalleri, yerel halk\u0131n yan\u0131nda d\u00fcnyan\u0131n d\u00f6rt bir yan\u0131ndan gelen turistler i\u00e7in de unutulmaz bir deneyim sunar. Benzersiz hikayeleri ile \u00f6ne \u00e7\u0131kan \u00fclkelerin festivallerine indirimli gemi turlar\u0131yla kat\u0131l\u0131p kesintisiz e\u011flenceyi deneyimleyebilirsiniz.\u00a0 Rio Karnaval\u0131: Brezilya Rio Karnaval\u0131, d\u00fcnyan\u0131n en [&hellip;]<\/p>\n","protected":false},"author":6,"featured_media":12172,"comment_status":"open","ping_status":"open","sticky":false,"template":"","format":"standard","meta":{"_uag_custom_page_level_css":"","footnotes":""},"categories":[239],"tags":[],"class_list":["post-12159","post","type-post","status-publish","format-standard","has-post-thumbnail","hentry","category-seyahat-rehberi"],"views":16480,"uagb_featured_image_src":{"full":["https:\/\/www.prontotour.com\/Blog\/wp-content\/uploads\/2024\/08\/dunyadaki-festivaller.png",1050,700,false],"thumbnail":["https:\/\/www.prontotour.com\/Blog\/wp-content\/uploads\/2024\/08\/dunyadaki-festivaller-150x150.png",150,150,true],"medium":["https:\/\/www.prontotour.com\/Blog\/wp-content\/uploads\/2024\/08\/dunyadaki-festivaller-300x200.png",300,200,true],"medium_large":["https:\/\/www.prontotour.com\/Blog\/wp-content\/uploads\/2024\/08\/dunyadaki-festivaller-768x512.png",768,512,true],"large":["https:\/\/www.prontotour.com\/Blog\/wp-content\/uploads\/2024\/08\/dunyadaki-festivaller.png",1050,700,false],"1536x1536":["https:\/\/www.prontotour.com\/Blog\/wp-content\/uploads\/2024\/08\/dunyadaki-festivaller.png",1050,700,false],"2048x2048":["https:\/\/www.prontotour.com\/Blog\/wp-content\/uploads\/2024\/08\/dunyadaki-festivaller.png",1050,700,false],"neeon-size1":["https:\/\/www.prontotour.com\/Blog\/wp-content\/uploads\/2024\/08\/dunyadaki-festivaller.png",1050,700,false],"neeon-size2":["https:\/\/www.prontotour.com\/Blog\/wp-content\/uploads\/2024\/08\/dunyadaki-festivaller-960x520.png",960,520,true],"neeon-size3":["https:\/\/www.prontotour.com\/Blog\/wp-content\/uploads\/2024\/08\/dunyadaki-festivaller-551x431.png",551,431,true],"neeon-size4":["https:\/\/www.prontotour.com\/Blog\/wp-content\/uploads\/2024\/08\/dunyadaki-festivaller-480x504.png",480,504,true],"neeon-size5":["https:\/\/www.prontotour.com\/Blog\/wp-content\/uploads\/2024\/08\/dunyadaki-festivaller-537x512.png",537,512,true],"neeon-size6":["https:\/\/www.prontotour.com\/Blog\/wp-content\/uploads\/2024\/08\/dunyadaki-festivaller-450x595.png",450,595,true],"neeon-size7":["https:\/\/www.prontotour.com\/Blog\/wp-content\/uploads\/2024\/08\/dunyadaki-festivaller-160x117.png",160,117,true],"neeon-size8":["https:\/\/www.prontotour.com\/Blog\/wp-content\/uploads\/2024\/08\/dunyadaki-festivaller-200x200.png",200,200,true],"neeon-size9":["https:\/\/www.prontotour.com\/Blog\/wp-content\/uploads\/2024\/08\/dunyadaki-festivaller-900x600.png",900,600,true],"neeon-size10":["https:\/\/www.prontotour.com\/Blog\/wp-content\/uploads\/2024\/08\/dunyadaki-festivaller-220x175.png",220,175,true],"neeon-size11":["https:\/\/www.prontotour.com\/Blog\/wp-content\/uploads\/2024\/08\/dunyadaki-festivaller-752x700.png",752,700,true],"owl_elementor_thumbnail":["https:\/\/www.prontotour.com\/Blog\/wp-content\/uploads\/2024\/08\/dunyadaki-festivaller-600x400.png",600,400,true],"owl_elementor_team":["https:\/\/www.prontotour.com\/Blog\/wp-content\/uploads\/2024\/08\/dunyadaki-festivaller-350x450.png",350,450,true],"owl_elementor_testimonial":["https:\/\/www.prontotour.com\/Blog\/wp-content\/uploads\/2024\/08\/dunyadaki-festivaller-100x100.png",100,100,true]},"uagb_author_info":{"display_name":"Mehmet G\u00fcneli","author_link":"https:\/\/www.prontotour.com\/Blog\/author\/mehmetguneli\/"},"uagb_comment_info":1,"uagb_excerpt":"Festivaller ve karnavallar, k\u00fclt\u00fcrel zenginlikleri ve insanlar\u0131 bir araya getiren enerjisiyle her y\u0131l milyonlarca insan\u0131 kendine \u00e7eker. D\u00fcnya festivalleri, yerel halk\u0131n yan\u0131nda d\u00fcnyan\u0131n d\u00f6rt bir yan\u0131ndan gelen turistler i\u00e7in de unutulmaz bir deneyim sunar. Benzersiz hikayeleri ile \u00f6ne \u00e7\u0131kan \u00fclkelerin festivallerine indirimli gemi turlar\u0131yla kat\u0131l\u0131p kesintisiz e\u011flenceyi deneyimleyebilirsiniz.\u00a0 Rio Karnaval\u0131: Brezilya Rio Karnaval\u0131, d\u00fcnyan\u0131n en&hellip;","_links":{"self":[{"href":"https:\/\/www.prontotour.com\/Blog\/wp-json\/wp\/v2\/posts\/12159","targetHints":{"allow":["GET"]}}],"collection":[{"href":"https:\/\/www.prontotour.com\/Blog\/wp-json\/wp\/v2\/posts"}],"about":[{"href":"https:\/\/www.prontotour.com\/Blog\/wp-json\/wp\/v2\/types\/post"}],"author":[{"embeddable":true,"href":"https:\/\/www.prontotour.com\/Blog\/wp-json\/wp\/v2\/users\/6"}],"replies":[{"embeddable":true,"href":"https:\/\/www.prontotour.com\/Blog\/wp-json\/wp\/v2\/comments?post=12159"}],"version-history":[{"count":6,"href":"https:\/\/www.prontotour.com\/Blog\/wp-json\/wp\/v2\/posts\/12159\/revisions"}],"predecessor-version":[{"id":12186,"href":"https:\/\/www.prontotour.com\/Blog\/wp-json\/wp\/v2\/posts\/12159\/revisions\/12186"}],"wp:featuredmedia":[{"embeddable":true,"href":"https:\/\/www.prontotour.com\/Blog\/wp-json\/wp\/v2\/media\/12172"}],"wp:attachment":[{"href":"https:\/\/www.prontotour.com\/Blog\/wp-json\/wp\/v2\/media?parent=12159"}],"wp:term":[{"taxonomy":"category","embeddable":true,"href":"https:\/\/www.prontotour.com\/Blog\/wp-json\/wp\/v2\/categories?post=12159"},{"taxonomy":"post_tag","embeddable":true,"href":"https:\/\/www.prontotour.com\/Blog\/wp-json\/wp\/v2\/tags?post=12159"}],"curies":[{"name":"wp","href":"https:\/\/api.w.org\/{rel}","templated":true}]}}