{"id":13039,"date":"2025-11-24T14:35:06","date_gmt":"2025-11-24T11:35:06","guid":{"rendered":"https:\/\/www.prontotour.com\/Blog\/?p=13039"},"modified":"2025-11-24T14:35:09","modified_gmt":"2025-11-24T11:35:09","slug":"mostar-koprusunun-hikayesi","status":"publish","type":"post","link":"https:\/\/www.prontotour.com\/Blog\/mostar-koprusunun-hikayesi\/","title":{"rendered":"Mostar K\u00f6pr\u00fcs\u00fc\u2019n\u00fcn Hikayesi: Y\u0131k\u0131l\u0131p Yeniden Do\u011fan Bir Efsane"},"content":{"rendered":"<figure class=\"wp-block-post-featured-image\"><img fetchpriority=\"high\" decoding=\"async\" width=\"919\" height=\"612\" src=\"https:\/\/www.prontotour.com\/Blog\/wp-content\/uploads\/2025\/11\/mostar-koprusu-bosna-hersek.png\" class=\"attachment-post-thumbnail size-post-thumbnail wp-post-image\" alt=\"mostar k\u00f6pr\u00fcs\u00fc bosna hersek\" style=\"object-fit:cover;\" srcset=\"https:\/\/www.prontotour.com\/Blog\/wp-content\/uploads\/2025\/11\/mostar-koprusu-bosna-hersek.png 919w, https:\/\/www.prontotour.com\/Blog\/wp-content\/uploads\/2025\/11\/mostar-koprusu-bosna-hersek-300x200.png 300w, https:\/\/www.prontotour.com\/Blog\/wp-content\/uploads\/2025\/11\/mostar-koprusu-bosna-hersek-768x511.png 768w, https:\/\/www.prontotour.com\/Blog\/wp-content\/uploads\/2025\/11\/mostar-koprusu-bosna-hersek-900x600.png 900w, https:\/\/www.prontotour.com\/Blog\/wp-content\/uploads\/2025\/11\/mostar-koprusu-bosna-hersek-600x400.png 600w\" sizes=\"(max-width: 919px) 100vw, 919px\" \/><\/figure>\n\n\n<p>Baz\u0131 \u015fehirler vard\u0131r; sadece haritalarda de\u011fil, kalplerde ya\u015far. Bosna-Hersek\u2019in ta\u015f sokaklar\u0131yla \u00e7evrili k\u00fc\u00e7\u00fck \u015fehri Mostar, i\u015fte o \u015fehirlerden biridir. Bir nehrin iki yakas\u0131n\u0131 zarif bir kemerle birle\u015ftiren Mostar K\u00f6pr\u00fcs\u00fc, yaln\u0131zca ta\u015flardan yap\u0131lm\u0131\u015f bir yap\u0131 de\u011fildir; o, bar\u0131\u015f\u0131n, umudun ve yeniden do\u011fu\u015fun sembol\u00fcd\u00fcr.<\/p>\n\n\n\n<p>Mostar K\u00f6pr\u00fcs\u00fc\u2019n\u00fcn hikayesi, y\u0131k\u0131m\u0131n ard\u0131ndan yeniden aya\u011fa kalkman\u0131n, ge\u00e7mi\u015fle bug\u00fcn\u00fc bulu\u015fturman\u0131n hikayesidir. Bug\u00fcn oraya giden herkes, yaln\u0131zca bir k\u00f6pr\u00fc de\u011fil, insanl\u0131\u011f\u0131n inat\u00e7\u0131 ruhunu g\u00f6r\u00fcr.<\/p>\n\n\n\n<figure class=\"wp-block-gallery has-nested-images columns-default is-cropped wp-block-gallery-1 is-layout-flex wp-block-gallery-is-layout-flex\">\n<figure class=\"wp-block-image size-large\"><img decoding=\"async\" width=\"919\" height=\"612\" data-id=\"13042\" src=\"https:\/\/www.prontotour.com\/Blog\/wp-content\/uploads\/2025\/11\/mostar-koprusu-nerede.png\" alt=\"mostar k\u00f6pr\u00fcs\u00fc nerede\" class=\"wp-image-13042\" srcset=\"https:\/\/www.prontotour.com\/Blog\/wp-content\/uploads\/2025\/11\/mostar-koprusu-nerede.png 919w, https:\/\/www.prontotour.com\/Blog\/wp-content\/uploads\/2025\/11\/mostar-koprusu-nerede-300x200.png 300w, https:\/\/www.prontotour.com\/Blog\/wp-content\/uploads\/2025\/11\/mostar-koprusu-nerede-768x511.png 768w, https:\/\/www.prontotour.com\/Blog\/wp-content\/uploads\/2025\/11\/mostar-koprusu-nerede-900x600.png 900w, https:\/\/www.prontotour.com\/Blog\/wp-content\/uploads\/2025\/11\/mostar-koprusu-nerede-600x400.png 600w\" sizes=\"(max-width: 919px) 100vw, 919px\" \/><\/figure>\n<\/figure>\n\n\n\n<h2 class=\"wp-block-heading\"><strong>Mostar K\u00f6pr\u00fcs\u00fc Nerede?&nbsp;<\/strong><\/h2>\n\n\n\n<p>Mostar K\u00f6pr\u00fcs\u00fc nerede? sorusunun yan\u0131t\u0131, Bosna-Hersek\u2019in g\u00fcneyindeki Neretva Nehri k\u0131y\u0131s\u0131nda, da\u011flar\u0131n aras\u0131nda gizlidir. K\u00f6pr\u00fc, Mostar \u015fehrinin kalbinde, Osmanl\u0131\u2019dan miras kalan Eski \u015eehir b\u00f6lgesinde yer al\u0131r. Mostar K\u00f6pr\u00fcs\u00fc hangi \u00fclkede diye soruldu\u011funda cevab\u0131 nettir: Bosna-Hersek. Ancak onu \u00f6zel k\u0131lan sadece bulundu\u011fu yer de\u011fil, temsil etti\u011fi anlamd\u0131r.<\/p>\n\n\n\n<p>\u015eehre ad\u0131n\u0131 veren \u201cMostari\u201d kelimesi, k\u00f6pr\u00fcy\u00fc koruyan bek\u00e7iler anlam\u0131na gelir. Yani Mostar\u2019\u0131n kimli\u011fi, k\u00f6pr\u00fcyle ba\u015flar. Neretva\u2019n\u0131n z\u00fcmr\u00fct ye\u015fili sular\u0131n\u0131n \u00fczerine zarif\u00e7e uzanan bu yap\u0131, y\u00fczy\u0131llard\u0131r insanlar\u0131, k\u00fclt\u00fcrleri ve duygular\u0131 birbirine ba\u011flamaya devam ediyor. Bosna-Hersek Mostar K\u00f6pr\u00fcs\u00fc, UNESCO taraf\u0131ndan D\u00fcnya Miras\u0131 Listesi\u2019ne al\u0131narak hem k\u00fclt\u00fcrel hem tarihsel de\u011feriyle koruma alt\u0131na al\u0131nm\u0131\u015ft\u0131r.<\/p>\n\n\n\n<figure class=\"wp-block-image size-full\"><img decoding=\"async\" width=\"919\" height=\"612\" src=\"https:\/\/www.prontotour.com\/Blog\/wp-content\/uploads\/2025\/11\/mostar-koprusu-ozellikleri.png\" alt=\"mostar k\u00f6pr\u00fcs\u00fc \u00f6zellikleri\" class=\"wp-image-13043\" srcset=\"https:\/\/www.prontotour.com\/Blog\/wp-content\/uploads\/2025\/11\/mostar-koprusu-ozellikleri.png 919w, https:\/\/www.prontotour.com\/Blog\/wp-content\/uploads\/2025\/11\/mostar-koprusu-ozellikleri-300x200.png 300w, https:\/\/www.prontotour.com\/Blog\/wp-content\/uploads\/2025\/11\/mostar-koprusu-ozellikleri-768x511.png 768w, https:\/\/www.prontotour.com\/Blog\/wp-content\/uploads\/2025\/11\/mostar-koprusu-ozellikleri-900x600.png 900w, https:\/\/www.prontotour.com\/Blog\/wp-content\/uploads\/2025\/11\/mostar-koprusu-ozellikleri-600x400.png 600w\" sizes=\"(max-width: 919px) 100vw, 919px\" \/><\/figure>\n\n\n\n<h2 class=\"wp-block-heading\"><strong>Mostar K\u00f6pr\u00fcs\u00fc\u2019n\u00fcn \u00d6ne \u00c7\u0131kan \u00d6zellikleri<\/strong><\/h2>\n\n\n\n<p><strong>Konumu: <\/strong>Mostar K\u00f6pr\u00fcs\u00fc, Bosna-Hersek\u2019in g\u00fcneyinde yer alan Mostar \u015fehrinin tam merkezinde, Neretva Nehri \u00fczerinde yer al\u0131r. \u015eehir, ad\u0131n\u0131 k\u00f6pr\u00fcy\u00fc koruyan \u201cMostari\u201d adl\u0131 bek\u00e7ilerden alm\u0131\u015ft\u0131r.<\/p>\n\n\n\n<p><strong>Mimari Tarz\u0131:<\/strong> Osmanl\u0131 d\u00f6nemi m\u00fchendisli\u011finin en zarif \u00f6rneklerinden biridir. Kemerli yap\u0131s\u0131, 16. y\u00fczy\u0131l ta\u015f i\u015f\u00e7ili\u011finin ula\u015ft\u0131\u011f\u0131 ustal\u0131\u011f\u0131 g\u00f6zler \u00f6n\u00fcne serer.<\/p>\n\n\n\n<p><strong>\u00d6l\u00e7\u00fcleri: <\/strong>Mostar K\u00f6pr\u00fcs\u00fc y\u00fcksekli\u011fi yakla\u015f\u0131k 24 metre, uzunlu\u011fu ise 30 metredir. Kemer a\u00e7\u0131kl\u0131\u011f\u0131 28,7 metredir ve bu oran, d\u00f6nemine g\u00f6re ola\u011fan\u00fcst\u00fc say\u0131l\u0131r.<\/p>\n\n\n\n<p><strong>Malzeme ve Dayan\u0131kl\u0131l\u0131k: <\/strong>K\u00f6pr\u00fc, \u201ctenelija\u201d ad\u0131 verilen yerel kire\u00e7ta\u015f\u0131ndan in\u015fa edilmi\u015ftir. Bu ta\u015f hem dayan\u0131kl\u0131 hem de estetik bir g\u00f6r\u00fcn\u00fcm sa\u011flar. G\u00fcne\u015fin a\u00e7\u0131s\u0131na g\u00f6re ta\u015flar\u0131n rengi gri, sar\u0131 ve alt\u0131n tonlar\u0131na d\u00f6n\u00fc\u015f\u00fcr.<strong><br><\/strong><\/p>\n\n\n\n<p><strong>G\u00f6rsel Etkileyicili\u011fi:<\/strong> G\u00fcn bat\u0131m\u0131nda k\u00f6pr\u00fcn\u00fcn g\u00f6lgesi Neretva Nehri\u2019nin z\u00fcmr\u00fct ye\u015fili sular\u0131na d\u00fc\u015fer. Bu manzara, Bosna-Hersek Mostar K\u00f6pr\u00fcs\u00fc\u2019n\u00fcn en \u00e7ok foto\u011fraflanan anlar\u0131ndan biridir.<\/p>\n\n\n\n<p><strong>M\u00fchendislik Ba\u015far\u0131s\u0131: <\/strong>\u0130n\u015fa edildi\u011fi d\u00f6nemde, bu y\u00fckseklikte ve a\u00e7\u0131kl\u0131kta tek kemerli bir ta\u015f k\u00f6pr\u00fc yapmak b\u00fcy\u00fck bir teknik ba\u015far\u0131yd\u0131. O y\u0131llarda Avrupa\u2019da bile benzeri yoktu.<\/p>\n\n\n\n<p><strong>Tarih\u00ee \u00d6nemi: <\/strong>1566 y\u0131l\u0131nda tamamlanan k\u00f6pr\u00fc, Mostar K\u00f6pr\u00fcs\u00fc\u2019n\u00fcn hikayesi a\u00e7\u0131s\u0131ndan bir d\u00f6n\u00fcm noktas\u0131d\u0131r. Y\u00fczy\u0131llarca Mostar halk\u0131n\u0131 bir arada tutmu\u015f, ticaret yollar\u0131n\u0131 birle\u015ftirmi\u015ftir.<\/p>\n\n\n\n<p><strong>Sembol De\u011feri:<\/strong> Bug\u00fcn k\u00f6pr\u00fc, sadece bir mimari eser de\u011fil, Bosna halk\u0131 i\u00e7in bar\u0131\u015f ve yeniden do\u011fu\u015fun sembol\u00fcd\u00fcr. Sava\u015f sonras\u0131 yeniden in\u015fa edilmesiyle insanl\u0131\u011f\u0131n umudunu temsil eder.<\/p>\n\n\n\n<p><strong>Turistik De\u011fer: <\/strong>Mostar K\u00f6pr\u00fcs\u00fc, UNESCO D\u00fcnya Miras\u0131 Listesi\u2019nde yer al\u0131r ve Bosna-Hersek\u2019in en \u00e7ok ziyaret edilen turistik noktas\u0131d\u0131r. \u015eehre gelen turistler k\u00f6pr\u00fcden atlayan dalg\u0131\u00e7lar\u0131 izleyebilir, nehir kenar\u0131ndaki kafelerde manzaran\u0131n tad\u0131n\u0131 \u00e7\u0131karabilir.<br><\/p>\n\n\n\n<figure class=\"wp-block-gallery has-nested-images columns-default is-cropped wp-block-gallery-2 is-layout-flex wp-block-gallery-is-layout-flex\">\n<figure class=\"wp-block-image size-large\"><img loading=\"lazy\" decoding=\"async\" width=\"788\" height=\"525\" data-id=\"13041\" src=\"https:\/\/www.prontotour.com\/Blog\/wp-content\/uploads\/2025\/11\/mostar-koprusu.png\" alt=\"mostar k\u00f6pr\u00fcs\u00fc\" class=\"wp-image-13041\" srcset=\"https:\/\/www.prontotour.com\/Blog\/wp-content\/uploads\/2025\/11\/mostar-koprusu.png 788w, https:\/\/www.prontotour.com\/Blog\/wp-content\/uploads\/2025\/11\/mostar-koprusu-300x200.png 300w, https:\/\/www.prontotour.com\/Blog\/wp-content\/uploads\/2025\/11\/mostar-koprusu-768x512.png 768w, https:\/\/www.prontotour.com\/Blog\/wp-content\/uploads\/2025\/11\/mostar-koprusu-600x400.png 600w\" sizes=\"(max-width: 788px) 100vw, 788px\" \/><\/figure>\n<\/figure>\n\n\n\n<h2 class=\"wp-block-heading\"><strong>Mostar \u015eehri: Do\u011funun ve Bat\u0131n\u0131n Bulu\u015ftu\u011fu Nokta<\/strong><\/h2>\n\n\n\n<p>Mostar nerede sorusunu yan\u0131tlaman\u0131n en g\u00fczel yolu belki de \u015f\u00f6yle demek olur: Mostar, Do\u011fu ile Bat\u0131\u2019n\u0131n bulu\u015ftu\u011fu yerde duruyor. Osmanl\u0131 d\u00f6neminden kalma camiler, ta\u015f k\u00f6pr\u00fcler ve Arnavut kald\u0131r\u0131ml\u0131 sokaklar; bir yanda ise Avrupal\u0131 mimari dokunu\u015flarla s\u00fcsl\u00fc kiliseler ve kafeler\u2026 Bu \u00e7e\u015fitlilik, Mostar\u2019a e\u015fi benzeri olmayan bir karakter kazand\u0131r\u0131yor.<\/p>\n\n\n\n<p>\u015eehirde dola\u015f\u0131rken bir yandan ezan sesi, di\u011fer yandan kilise \u00e7anlar\u0131 duyulur. Mostar gezilecek yerler aras\u0131nda bu \u00e7ok k\u00fclt\u00fcrl\u00fc atmosferin en g\u00fczel \u00f6rneklerini g\u00f6rmek m\u00fcmk\u00fcnd\u00fcr. Sokaklarda y\u00fcr\u00fcrken kahve kokusu, bak\u0131r i\u015f\u00e7ili\u011fi yapan ustalar\u0131n \u00e7eki\u00e7 sesine kar\u0131\u015f\u0131r; her k\u00f6\u015fede hayat\u0131n ritmini duyars\u0131n\u0131z. Mostar, k\u00fc\u00e7\u00fck ama g\u00fc\u00e7l\u00fc bir \u015fehir; her ta\u015f\u0131nda, her duvar\u0131nda ge\u00e7mi\u015fin izleri var.<\/p>\n\n\n\n<figure class=\"wp-block-image size-full\"><img loading=\"lazy\" decoding=\"async\" width=\"919\" height=\"612\" src=\"https:\/\/www.prontotour.com\/Blog\/wp-content\/uploads\/2025\/11\/mostar-koprusu-tarihi.png\" alt=\"mostar k\u00f6pr\u00fcs\u00fc tarihi\" class=\"wp-image-13045\" srcset=\"https:\/\/www.prontotour.com\/Blog\/wp-content\/uploads\/2025\/11\/mostar-koprusu-tarihi.png 919w, https:\/\/www.prontotour.com\/Blog\/wp-content\/uploads\/2025\/11\/mostar-koprusu-tarihi-300x200.png 300w, https:\/\/www.prontotour.com\/Blog\/wp-content\/uploads\/2025\/11\/mostar-koprusu-tarihi-768x511.png 768w, https:\/\/www.prontotour.com\/Blog\/wp-content\/uploads\/2025\/11\/mostar-koprusu-tarihi-900x600.png 900w, https:\/\/www.prontotour.com\/Blog\/wp-content\/uploads\/2025\/11\/mostar-koprusu-tarihi-600x400.png 600w\" sizes=\"(max-width: 919px) 100vw, 919px\" \/><\/figure>\n\n\n\n<h2 class=\"wp-block-heading\"><strong>Mostar K\u00f6pr\u00fcs\u00fc\u2019n\u00fcn Tarihi: Osmanl\u0131\u2019dan G\u00fcn\u00fcm\u00fcze Uzanan Miras<\/strong><\/h2>\n\n\n\n<p>Bosna-Hersek Mostar K\u00f6pr\u00fcs\u00fc, 16. y\u00fczy\u0131lda Osmanl\u0131 \u0130mparatorlu\u011fu d\u00f6neminde in\u015fa edildi. 1557 y\u0131l\u0131nda ba\u015flayan yap\u0131m s\u00fcreci tam dokuz y\u0131l s\u00fcrd\u00fc. O d\u00f6nemde Neretva Nehri \u00fczerine b\u00f6yle bir k\u00f6pr\u00fc yapmak m\u00fchendislik a\u00e7\u0131s\u0131ndan b\u00fcy\u00fck bir cesaret \u00f6rne\u011fiydi. K\u00f6pr\u00fc tamamland\u0131\u011f\u0131nda sadece bir ge\u00e7i\u015f noktas\u0131 de\u011fil, \u015fehir halk\u0131n\u0131n bulu\u015fma yeri h\u00e2line geldi.<\/p>\n\n\n\n<p>K\u00f6pr\u00fc, y\u00fczy\u0131llar boyunca hem ticaretin hem de k\u00fclt\u00fcr\u00fcn merkezi oldu. T\u00fcccarlar k\u00f6pr\u00fcn\u00fcn iki yan\u0131nda mallar\u0131n\u0131 sergilerken, seyyahlar bu manzara kar\u015f\u0131s\u0131nda b\u00fcy\u00fclendi. Bug\u00fcn h\u00e2l\u00e2 k\u00f6pr\u00fc \u00fczerinde y\u00fcr\u00fcrken, o eski \u00e7a\u011flar\u0131n ayak seslerini duydu\u011funuzu hissedersiniz.<\/p>\n\n\n\n<figure class=\"wp-block-gallery has-nested-images columns-default is-cropped wp-block-gallery-3 is-layout-flex wp-block-gallery-is-layout-flex\">\n<figure class=\"wp-block-image size-large\"><img loading=\"lazy\" decoding=\"async\" width=\"919\" height=\"612\" data-id=\"13046\" src=\"https:\/\/www.prontotour.com\/Blog\/wp-content\/uploads\/2025\/11\/mostar-koprusunu-kim-yapti.png\" alt=\"Mostar K\u00f6pr\u00fcs\u00fc\u2019n\u00fc kim yapt\u0131\" class=\"wp-image-13046\" srcset=\"https:\/\/www.prontotour.com\/Blog\/wp-content\/uploads\/2025\/11\/mostar-koprusunu-kim-yapti.png 919w, https:\/\/www.prontotour.com\/Blog\/wp-content\/uploads\/2025\/11\/mostar-koprusunu-kim-yapti-300x200.png 300w, https:\/\/www.prontotour.com\/Blog\/wp-content\/uploads\/2025\/11\/mostar-koprusunu-kim-yapti-768x511.png 768w, https:\/\/www.prontotour.com\/Blog\/wp-content\/uploads\/2025\/11\/mostar-koprusunu-kim-yapti-900x600.png 900w, https:\/\/www.prontotour.com\/Blog\/wp-content\/uploads\/2025\/11\/mostar-koprusunu-kim-yapti-600x400.png 600w\" sizes=\"(max-width: 919px) 100vw, 919px\" \/><\/figure>\n<\/figure>\n\n\n\n<h2 class=\"wp-block-heading\"><strong>Mimar Sinan\u2019\u0131n \u00d6\u011frencisi Mimar Hayreddin ve K\u00f6pr\u00fcn\u00fcn \u0130n\u015fas\u0131<\/strong><\/h2>\n\n\n\n<p>Mostar K\u00f6pr\u00fcs\u00fc\u2019n\u00fc kim yapt\u0131? sorusunun cevab\u0131, Osmanl\u0131 mimarl\u0131k tarihinin en \u00f6zel isimlerinden biriyle gelir: Mimar Hayreddin. Hayreddin, b\u00fcy\u00fck usta Mimar Sinan\u2019\u0131n \u00f6\u011frencisiydi ve hocas\u0131n\u0131n zarafet anlay\u0131\u015f\u0131n\u0131 bu yap\u0131ya ta\u015f\u0131m\u0131\u015ft\u0131.<\/p>\n\n\n\n<p>K\u00f6pr\u00fcy\u00fc tasarlarken yaln\u0131zca m\u00fchendislik hesaplar\u0131na de\u011fil, esteti\u011fe de \u00f6nem verdi. Nehrin ak\u0131\u015f\u0131na g\u00f6re k\u00f6pr\u00fcn\u00fcn e\u011frili\u011fini ayarlad\u0131; bu sayede k\u00f6pr\u00fc hem dayan\u0131kl\u0131 hem de zarif bir g\u00f6r\u00fcn\u00fcm kazand\u0131. Rivayete g\u00f6re Hayreddin, k\u00f6pr\u00fc tamamland\u0131\u011f\u0131nda \u201cE\u011fer bu kemer ayakta kal\u0131rsa, kendimi nehre b\u0131rak\u0131r\u0131m,\u201d demi\u015ftir. K\u00f6pr\u00fc y\u00fczy\u0131llar boyunca ayakta kald\u0131; Hayreddin\u2019in ad\u0131 da tarihe kaz\u0131nd\u0131. Bug\u00fcn k\u00f6pr\u00fcye bakt\u0131\u011f\u0131n\u0131zda, sadece ta\u015f de\u011fil; bir ustan\u0131n ruhunu da g\u00f6r\u00fcrs\u00fcn\u00fcz.<\/p>\n\n\n\n<figure class=\"wp-block-image size-full\"><img loading=\"lazy\" decoding=\"async\" width=\"919\" height=\"612\" src=\"https:\/\/www.prontotour.com\/Blog\/wp-content\/uploads\/2025\/11\/mostar-koprusu-hikayesi.png\" alt=\"mostar k\u00f6pr\u00fcs\u00fc hikayesi\" class=\"wp-image-13047\" srcset=\"https:\/\/www.prontotour.com\/Blog\/wp-content\/uploads\/2025\/11\/mostar-koprusu-hikayesi.png 919w, https:\/\/www.prontotour.com\/Blog\/wp-content\/uploads\/2025\/11\/mostar-koprusu-hikayesi-300x200.png 300w, https:\/\/www.prontotour.com\/Blog\/wp-content\/uploads\/2025\/11\/mostar-koprusu-hikayesi-768x511.png 768w, https:\/\/www.prontotour.com\/Blog\/wp-content\/uploads\/2025\/11\/mostar-koprusu-hikayesi-900x600.png 900w, https:\/\/www.prontotour.com\/Blog\/wp-content\/uploads\/2025\/11\/mostar-koprusu-hikayesi-600x400.png 600w\" sizes=\"(max-width: 919px) 100vw, 919px\" \/><\/figure>\n\n\n\n<h2 class=\"wp-block-heading\"><strong>Sava\u015f D\u00f6nemi ve Y\u0131k\u0131m: Mostar K\u00f6pr\u00fcs\u00fc\u2019n\u00fcn Kay\u0131p Y\u0131llar\u0131<\/strong><\/h2>\n\n\n\n<p>20. y\u00fczy\u0131l\u0131n sonunda, Balkanlar sava\u015f\u0131n karanl\u0131\u011f\u0131na g\u00f6m\u00fcld\u00fc. Ve 9 Kas\u0131m 1993\u2019te, Mostar K\u00f6pr\u00fcs\u00fc y\u0131k\u0131l\u0131\u015f\u0131 t\u00fcm d\u00fcnyan\u0131n kalbini s\u0131zlatt\u0131. Top\u00e7u ate\u015fiyle vurulan k\u00f6pr\u00fc, y\u00fczy\u0131llard\u0131r ayakta duran zarif kemeriyle birlikte Neretva Nehri\u2019ne g\u00f6m\u00fcld\u00fc.<\/p>\n\n\n\n<p>O an yaln\u0131zca ta\u015flar de\u011fil, bir halk\u0131n umudu da sulara kar\u0131\u015ft\u0131. K\u00f6pr\u00fcn\u00fcn y\u0131k\u0131m\u0131, Bosna Sava\u015f\u0131\u2019n\u0131n sembollerinden biri h\u00e2line geldi. Ancak Mostar halk\u0131 asla pes etmedi. \u00c7\u00fcnk\u00fc k\u00f6pr\u00fc, onlar\u0131n kimli\u011fiydi. Mostar K\u00f6pr\u00fcs\u00fc\u2019n\u00fcn hikayesi, i\u015fte o noktada yeniden ba\u015fl\u0131yordu: y\u0131k\u0131nt\u0131lar\u0131n aras\u0131ndan do\u011fan bir umut hikayesi.<\/p>\n\n\n\n<figure class=\"wp-block-gallery has-nested-images columns-default is-cropped wp-block-gallery-4 is-layout-flex wp-block-gallery-is-layout-flex\">\n<figure class=\"wp-block-image size-large\"><img loading=\"lazy\" decoding=\"async\" width=\"919\" height=\"612\" data-id=\"13048\" src=\"https:\/\/www.prontotour.com\/Blog\/wp-content\/uploads\/2025\/11\/mostar-unesco.png\" alt=\"mostar unesco\" class=\"wp-image-13048\" srcset=\"https:\/\/www.prontotour.com\/Blog\/wp-content\/uploads\/2025\/11\/mostar-unesco.png 919w, https:\/\/www.prontotour.com\/Blog\/wp-content\/uploads\/2025\/11\/mostar-unesco-300x200.png 300w, https:\/\/www.prontotour.com\/Blog\/wp-content\/uploads\/2025\/11\/mostar-unesco-768x511.png 768w, https:\/\/www.prontotour.com\/Blog\/wp-content\/uploads\/2025\/11\/mostar-unesco-900x600.png 900w, https:\/\/www.prontotour.com\/Blog\/wp-content\/uploads\/2025\/11\/mostar-unesco-600x400.png 600w\" sizes=\"(max-width: 919px) 100vw, 919px\" \/><\/figure>\n<\/figure>\n\n\n\n<h2 class=\"wp-block-heading\"><strong>Yeniden Do\u011fu\u015f: UNESCO Deste\u011fiyle K\u00f6pr\u00fcn\u00fcn Yeniden \u0130n\u015fas\u0131<\/strong><\/h2>\n\n\n\n<p>Sava\u015f\u0131n ard\u0131ndan d\u00fcnya Mostar i\u00e7in birle\u015fti. UNESCO \u00f6nc\u00fcl\u00fc\u011f\u00fcnde ba\u015flat\u0131lan projeye T\u00fcrkiye, H\u0131rvatistan, Hollanda ve \u0130talya gibi \u00fclkeler destek verdi. Neretva Nehri\u2019nin alt\u0131ndan \u00e7\u0131kar\u0131lan orijinal ta\u015flar temizlenip yeniden kullan\u0131ld\u0131; t\u0131pk\u0131 16. y\u00fczy\u0131ldaki gibi, geleneksel Osmanl\u0131 teknikleriyle yeniden in\u015fa edildi.<\/p>\n\n\n\n<p>Ve 23 Temmuz 2004\u2019te, k\u00f6pr\u00fc yeniden a\u00e7\u0131ld\u0131. O g\u00fcn Mostar\u2019da sadece bir k\u00f6pr\u00fc de\u011fil, bir halk yeniden aya\u011fa kalkt\u0131. Bug\u00fcn k\u00f6pr\u00fcye bakt\u0131\u011f\u0131n\u0131zda, sadece m\u00fchendislik de\u011fil; dayan\u0131kl\u0131l\u0131\u011f\u0131n, yeniden do\u011fu\u015fun ve umudun v\u00fccut bulmu\u015f h\u00e2lini g\u00f6r\u00fcrs\u00fcn\u00fcz.<\/p>\n\n\n\n<h2 class=\"wp-block-heading\"><strong>Mostar K\u00f6pr\u00fcs\u00fc\u2019n\u00fcn Anlam\u0131: Birle\u015fmenin ve Bar\u0131\u015f\u0131n Hikayesi<\/strong><\/h2>\n\n\n\n<p>Mostar K\u00f6pr\u00fcs\u00fc, Bosna-Hersek\u2019in simgesi olman\u0131n \u00f6tesinde, insanl\u0131k i\u00e7in bir bar\u0131\u015f sembol\u00fcd\u00fcr. Bir d\u00f6nem farkl\u0131 inan\u00e7lardan insanlar\u0131n ya\u015fad\u0131\u011f\u0131, ama sava\u015fla b\u00f6l\u00fcnen Mostar \u015fehri, k\u00f6pr\u00fcn\u00fcn yeniden in\u015fas\u0131yla yeniden birle\u015fti. Art\u0131k bu k\u00f6pr\u00fc, sadece iki yakay\u0131 de\u011fil, kalpleri de birle\u015ftiriyor.<\/p>\n\n\n\n<p>Bug\u00fcn k\u00f6pr\u00fcden ge\u00e7en herkes, sava\u015f\u0131n de\u011fil bar\u0131\u015f\u0131n izlerini hisseder. Mostar K\u00f6pr\u00fcs\u00fc\u2019n\u00fcn hikayesi, insan\u0131n iyile\u015fme g\u00fcc\u00fcn\u00fc hat\u0131rlat\u0131r. Belki de bu y\u00fczden buraya gelen herkes, k\u00f6pr\u00fcn\u00fcn ta\u015flar\u0131nda sessiz bir huzur bulur.<\/p>\n\n\n\n<h2 class=\"wp-block-heading\"><strong>K\u00f6pr\u00fc \u00dczerinden Atlama Gelene\u011fi: Cesaretin Simgesi<\/strong><\/h2>\n\n\n\n<p>Y\u00fczy\u0131llard\u0131r s\u00fcregelen Mostar K\u00f6pr\u00fcs\u00fc atlama hikayesi, \u015fehrin en tan\u0131nan geleneklerinden biridir. Gen\u00e7 dalg\u0131\u00e7lar, k\u00f6pr\u00fcn\u00fcn ortas\u0131ndan 24 metre y\u00fckseklikten Neretva Nehri\u2019ne atlayarak cesaretlerini g\u00f6sterir. Bu gelenek, Osmanl\u0131 d\u00f6neminden g\u00fcn\u00fcm\u00fcze ula\u015fm\u0131\u015ft\u0131r ve Mostar halk\u0131 i\u00e7in bir onur meselesidir.<\/p>\n\n\n\n<p>Yaz aylar\u0131nda k\u00f6pr\u00fcn\u00fcn etraf\u0131nda toplanan kalabal\u0131k, bu an\u0131 izlemek i\u00e7in nefesini tutar. Atlay\u0131\u015ftan \u00f6nce sessizlik olur, ard\u0131ndan bir alk\u0131\u015f tufan\u0131\u2026 O an, Mostar halk\u0131n\u0131n ge\u00e7mi\u015fle ba\u011f\u0131n\u0131, k\u00f6pr\u00fcyle kurdu\u011fu derin sevgiyi anlamak hi\u00e7 de zor de\u011fildir.<\/p>\n\n\n\n<figure class=\"wp-block-gallery has-nested-images columns-default is-cropped wp-block-gallery-5 is-layout-flex wp-block-gallery-is-layout-flex\">\n<figure class=\"wp-block-image size-large\"><img loading=\"lazy\" decoding=\"async\" width=\"919\" height=\"612\" data-id=\"13050\" src=\"https:\/\/www.prontotour.com\/Blog\/wp-content\/uploads\/2025\/11\/bosna-eski-sehir.png\" alt=\"mostar eski \u015fehir\" class=\"wp-image-13050\" srcset=\"https:\/\/www.prontotour.com\/Blog\/wp-content\/uploads\/2025\/11\/bosna-eski-sehir.png 919w, https:\/\/www.prontotour.com\/Blog\/wp-content\/uploads\/2025\/11\/bosna-eski-sehir-300x200.png 300w, https:\/\/www.prontotour.com\/Blog\/wp-content\/uploads\/2025\/11\/bosna-eski-sehir-768x511.png 768w, https:\/\/www.prontotour.com\/Blog\/wp-content\/uploads\/2025\/11\/bosna-eski-sehir-900x600.png 900w, https:\/\/www.prontotour.com\/Blog\/wp-content\/uploads\/2025\/11\/bosna-eski-sehir-600x400.png 600w\" sizes=\"(max-width: 919px) 100vw, 919px\" \/><\/figure>\n<\/figure>\n\n\n\n<h2 class=\"wp-block-heading\"><strong>Mostar Eski \u015eehir (Old Town): Ta\u015f Sokaklarda Zaman Yolculu\u011fu<\/strong><\/h2>\n\n\n\n<p>K\u00f6pr\u00fcn\u00fcn iki yan\u0131nda uzanan Eski \u015eehir (Old Town), Mostar\u2019\u0131n kalbidir. Arnavut kald\u0131r\u0131ml\u0131 dar sokaklar, bak\u0131r i\u015f\u00e7ili\u011fi yap\u0131lan k\u00fc\u00e7\u00fck at\u00f6lyeler, geleneksel el i\u015fi \u00fcr\u00fcnleri satan tezg\u00e2hlar\u2026<\/p>\n\n\n\n<p>Koski Mehmed Pa\u015fa Camii\u2019nin minaresine \u00e7\u0131kt\u0131\u011f\u0131n\u0131zda, Mostar K\u00f6pr\u00fcs\u00fc\u2019n\u00fc yukar\u0131dan g\u00f6rmek nefes kesici bir deneyimdir. Nehrin \u00fczerindeki kemerin zarif e\u011frisi, insan\u0131 b\u00fcy\u00fcleyen bir tablo gibidir. Kahvenizi al\u0131p bu manzaraya bakt\u0131\u011f\u0131n\u0131zda, Mostar\u2019\u0131n neden bu kadar \u00f6zel oldu\u011funu anlars\u0131n\u0131z.<\/p>\n\n\n\n<figure class=\"wp-block-image size-full\"><img loading=\"lazy\" decoding=\"async\" width=\"919\" height=\"612\" src=\"https:\/\/www.prontotour.com\/Blog\/wp-content\/uploads\/2025\/11\/pocitelj-koyu.png\" alt=\"Pocitelj\" class=\"wp-image-13049\" srcset=\"https:\/\/www.prontotour.com\/Blog\/wp-content\/uploads\/2025\/11\/pocitelj-koyu.png 919w, https:\/\/www.prontotour.com\/Blog\/wp-content\/uploads\/2025\/11\/pocitelj-koyu-300x200.png 300w, https:\/\/www.prontotour.com\/Blog\/wp-content\/uploads\/2025\/11\/pocitelj-koyu-768x511.png 768w, https:\/\/www.prontotour.com\/Blog\/wp-content\/uploads\/2025\/11\/pocitelj-koyu-900x600.png 900w, https:\/\/www.prontotour.com\/Blog\/wp-content\/uploads\/2025\/11\/pocitelj-koyu-600x400.png 600w\" sizes=\"(max-width: 919px) 100vw, 919px\" \/><\/figure>\n\n\n\n<h2 class=\"wp-block-heading\"><strong>Mostar\u2019da Gezilecek Yerler: K\u00f6pr\u00fcn\u00fcn \u00d6tesindeki G\u00fczellikler<\/strong><\/h2>\n\n\n\n<p>Mostar gezilecek yerler sadece k\u00f6pr\u00fcyle s\u0131n\u0131rl\u0131 de\u011fildir. \u015eehrin yak\u0131nlar\u0131nda yer alan Blagaj Tekkesi, Neretva Nehri\u2019nin kayna\u011f\u0131nda yer alan mistik bir su kenar\u0131 yap\u0131s\u0131d\u0131r. Kravice \u015eelaleleri yaz aylar\u0131nda serinlemek isteyenler i\u00e7in adeta bir do\u011fa harikas\u0131d\u0131r. Pocitelj K\u00f6y\u00fc, ta\u015f evleriyle Osmanl\u0131 d\u00f6neminin mimari dokusunu g\u00fcn\u00fcm\u00fcze ta\u015f\u0131r.<\/p>\n\n\n\n<p>Her biri, Bosna-Hersek\u2019in tarihini ve do\u011fas\u0131n\u0131 bir arada hissettiren noktalar\u2026 Mostar turu kapsam\u0131nda bu yerleri g\u00f6rmek, Balkanlar\u0131n ruhunu anlaman\u0131n en g\u00fczel yoludur.<\/p>\n\n\n\n<h2 class=\"wp-block-heading\"><strong>Mostar\u2019a Gitmeden \u00d6nce Bilmeniz Gerekenler<\/strong><\/h2>\n\n\n\n<p><strong>Para Birimi: <\/strong>Bosna-Hersek\u2019te Konvertibl Mark (BAM) kullan\u0131l\u0131yor. Euro da bir\u00e7ok yerde kabul ediliyor.<\/p>\n\n\n\n<p><strong>En \u0130yi Ziyaret D\u00f6nemi: Nisan\u2013Ekim aras\u0131 d\u00f6nem, hem hava ko\u015fullar\u0131 hem etkinlikler a\u00e7\u0131s\u0131ndan en ideal zaman.<\/strong><\/p>\n\n\n\n<p><strong>Yeme-\u0130\u00e7me: <\/strong>Cevapi, b\u00f6rek, ajvar ve yerel kahve mutlaka denenmeli.<\/p>\n\n\n\n<p><strong>Hediyelik:<\/strong> El yap\u0131m\u0131 bak\u0131r i\u015flemeler, kahve tak\u0131mlar\u0131 ve minyat\u00fcr k\u00f6pr\u00fc fig\u00fcrleri en pop\u00fcler hediyelikler aras\u0131nda.<br><\/p>\n\n\n\n<h2 class=\"wp-block-heading\"><strong>Prontotour ile Mostar ve Bosna-Hersek Turlar\u0131<\/strong><\/h2>\n\n\n\n<p>Mostar\u2019\u0131 g\u00f6rmek, yaln\u0131zca bir seyahat de\u011fil, tarihe dokunmakt\u0131r.&nbsp; Prontotour <a href=\"https:\/\/www.prontotour.com\/Bosna-Hersek-Turlari\">Bosna-Hersek turlar\u0131<\/a>, Mostar K\u00f6pr\u00fcs\u00fc\u2019n\u00fcn zarafetini, Neretva Nehri\u2019nin dinginli\u011fini ve Bosna k\u00fclt\u00fcr\u00fcn\u00fcn s\u0131cakl\u0131\u011f\u0131n\u0131 ayn\u0131 rotada birle\u015ftirir. Profesyonel rehberler e\u015fli\u011finde d\u00fczenlenen turlar sayesinde hem k\u00f6pr\u00fcn\u00fcn hikayesini \u00f6\u011frenebilir hem de Bosna mutfa\u011f\u0131n\u0131, m\u00fczi\u011fini ve misafirperverli\u011fini deneyimleyebilirsiniz.<\/p>\n\n\n\n<p><\/p>\n","protected":false},"excerpt":{"rendered":"<p>Baz\u0131 \u015fehirler vard\u0131r; sadece haritalarda de\u011fil, kalplerde ya\u015far. Bosna-Hersek\u2019in ta\u015f sokaklar\u0131yla \u00e7evrili k\u00fc\u00e7\u00fck \u015fehri Mostar, i\u015fte o \u015fehirlerden biridir. Bir nehrin iki yakas\u0131n\u0131 zarif bir kemerle birle\u015ftiren Mostar K\u00f6pr\u00fcs\u00fc, yaln\u0131zca ta\u015flardan yap\u0131lm\u0131\u015f bir yap\u0131 de\u011fildir; o, bar\u0131\u015f\u0131n, umudun ve yeniden do\u011fu\u015fun sembol\u00fcd\u00fcr. Mostar K\u00f6pr\u00fcs\u00fc\u2019n\u00fcn hikayesi, y\u0131k\u0131m\u0131n ard\u0131ndan yeniden aya\u011fa kalkman\u0131n, ge\u00e7mi\u015fle bug\u00fcn\u00fc bulu\u015fturman\u0131n hikayesidir. Bug\u00fcn [&hellip;]<\/p>\n","protected":false},"author":7,"featured_media":13044,"comment_status":"open","ping_status":"open","sticky":false,"template":"","format":"standard","meta":{"_uag_custom_page_level_css":"","footnotes":""},"categories":[239],"tags":[],"class_list":["post-13039","post","type-post","status-publish","format-standard","has-post-thumbnail","hentry","category-seyahat-rehberi"],"views":1597,"uagb_featured_image_src":{"full":["https:\/\/www.prontotour.com\/Blog\/wp-content\/uploads\/2025\/11\/mostar-koprusu-bosna-hersek.png",919,612,false],"thumbnail":["https:\/\/www.prontotour.com\/Blog\/wp-content\/uploads\/2025\/11\/mostar-koprusu-bosna-hersek-150x150.png",150,150,true],"medium":["https:\/\/www.prontotour.com\/Blog\/wp-content\/uploads\/2025\/11\/mostar-koprusu-bosna-hersek-300x200.png",300,200,true],"medium_large":["https:\/\/www.prontotour.com\/Blog\/wp-content\/uploads\/2025\/11\/mostar-koprusu-bosna-hersek-768x511.png",768,511,true],"large":["https:\/\/www.prontotour.com\/Blog\/wp-content\/uploads\/2025\/11\/mostar-koprusu-bosna-hersek.png",919,612,false],"1536x1536":["https:\/\/www.prontotour.com\/Blog\/wp-content\/uploads\/2025\/11\/mostar-koprusu-bosna-hersek.png",919,612,false],"2048x2048":["https:\/\/www.prontotour.com\/Blog\/wp-content\/uploads\/2025\/11\/mostar-koprusu-bosna-hersek.png",919,612,false],"neeon-size1":["https:\/\/www.prontotour.com\/Blog\/wp-content\/uploads\/2025\/11\/mostar-koprusu-bosna-hersek.png",919,612,false],"neeon-size2":["https:\/\/www.prontotour.com\/Blog\/wp-content\/uploads\/2025\/11\/mostar-koprusu-bosna-hersek-919x520.png",919,520,true],"neeon-size3":["https:\/\/www.prontotour.com\/Blog\/wp-content\/uploads\/2025\/11\/mostar-koprusu-bosna-hersek-551x431.png",551,431,true],"neeon-size4":["https:\/\/www.prontotour.com\/Blog\/wp-content\/uploads\/2025\/11\/mostar-koprusu-bosna-hersek-480x504.png",480,504,true],"neeon-size5":["https:\/\/www.prontotour.com\/Blog\/wp-content\/uploads\/2025\/11\/mostar-koprusu-bosna-hersek-537x512.png",537,512,true],"neeon-size6":["https:\/\/www.prontotour.com\/Blog\/wp-content\/uploads\/2025\/11\/mostar-koprusu-bosna-hersek-450x595.png",450,595,true],"neeon-size7":["https:\/\/www.prontotour.com\/Blog\/wp-content\/uploads\/2025\/11\/mostar-koprusu-bosna-hersek-160x117.png",160,117,true],"neeon-size8":["https:\/\/www.prontotour.com\/Blog\/wp-content\/uploads\/2025\/11\/mostar-koprusu-bosna-hersek-200x200.png",200,200,true],"neeon-size9":["https:\/\/www.prontotour.com\/Blog\/wp-content\/uploads\/2025\/11\/mostar-koprusu-bosna-hersek-900x600.png",900,600,true],"neeon-size10":["https:\/\/www.prontotour.com\/Blog\/wp-content\/uploads\/2025\/11\/mostar-koprusu-bosna-hersek-220x175.png",220,175,true],"neeon-size11":["https:\/\/www.prontotour.com\/Blog\/wp-content\/uploads\/2025\/11\/mostar-koprusu-bosna-hersek-752x612.png",752,612,true],"owl_elementor_thumbnail":["https:\/\/www.prontotour.com\/Blog\/wp-content\/uploads\/2025\/11\/mostar-koprusu-bosna-hersek-600x400.png",600,400,true],"owl_elementor_team":["https:\/\/www.prontotour.com\/Blog\/wp-content\/uploads\/2025\/11\/mostar-koprusu-bosna-hersek-350x450.png",350,450,true],"owl_elementor_testimonial":["https:\/\/www.prontotour.com\/Blog\/wp-content\/uploads\/2025\/11\/mostar-koprusu-bosna-hersek-100x100.png",100,100,true]},"uagb_author_info":{"display_name":"Prontotour","author_link":"https:\/\/www.prontotour.com\/Blog\/author\/prontotour\/"},"uagb_comment_info":0,"uagb_excerpt":"Baz\u0131 \u015fehirler vard\u0131r; sadece haritalarda de\u011fil, kalplerde ya\u015far. Bosna-Hersek\u2019in ta\u015f sokaklar\u0131yla \u00e7evrili k\u00fc\u00e7\u00fck \u015fehri Mostar, i\u015fte o \u015fehirlerden biridir. Bir nehrin iki yakas\u0131n\u0131 zarif bir kemerle birle\u015ftiren Mostar K\u00f6pr\u00fcs\u00fc, yaln\u0131zca ta\u015flardan yap\u0131lm\u0131\u015f bir yap\u0131 de\u011fildir; o, bar\u0131\u015f\u0131n, umudun ve yeniden do\u011fu\u015fun sembol\u00fcd\u00fcr. Mostar K\u00f6pr\u00fcs\u00fc\u2019n\u00fcn hikayesi, y\u0131k\u0131m\u0131n ard\u0131ndan yeniden aya\u011fa kalkman\u0131n, ge\u00e7mi\u015fle bug\u00fcn\u00fc bulu\u015fturman\u0131n hikayesidir. Bug\u00fcn&hellip;","_links":{"self":[{"href":"https:\/\/www.prontotour.com\/Blog\/wp-json\/wp\/v2\/posts\/13039","targetHints":{"allow":["GET"]}}],"collection":[{"href":"https:\/\/www.prontotour.com\/Blog\/wp-json\/wp\/v2\/posts"}],"about":[{"href":"https:\/\/www.prontotour.com\/Blog\/wp-json\/wp\/v2\/types\/post"}],"author":[{"embeddable":true,"href":"https:\/\/www.prontotour.com\/Blog\/wp-json\/wp\/v2\/users\/7"}],"replies":[{"embeddable":true,"href":"https:\/\/www.prontotour.com\/Blog\/wp-json\/wp\/v2\/comments?post=13039"}],"version-history":[{"count":2,"href":"https:\/\/www.prontotour.com\/Blog\/wp-json\/wp\/v2\/posts\/13039\/revisions"}],"predecessor-version":[{"id":13051,"href":"https:\/\/www.prontotour.com\/Blog\/wp-json\/wp\/v2\/posts\/13039\/revisions\/13051"}],"wp:featuredmedia":[{"embeddable":true,"href":"https:\/\/www.prontotour.com\/Blog\/wp-json\/wp\/v2\/media\/13044"}],"wp:attachment":[{"href":"https:\/\/www.prontotour.com\/Blog\/wp-json\/wp\/v2\/media?parent=13039"}],"wp:term":[{"taxonomy":"category","embeddable":true,"href":"https:\/\/www.prontotour.com\/Blog\/wp-json\/wp\/v2\/categories?post=13039"},{"taxonomy":"post_tag","embeddable":true,"href":"https:\/\/www.prontotour.com\/Blog\/wp-json\/wp\/v2\/tags?post=13039"}],"curies":[{"name":"wp","href":"https:\/\/api.w.org\/{rel}","templated":true}]}}